{"id":7360,"date":"2022-04-16T13:00:25","date_gmt":"2022-04-16T11:00:25","guid":{"rendered":"https:\/\/ecomarine.pl\/?p=7360"},"modified":"2023-10-19T16:27:09","modified_gmt":"2023-10-19T14:27:09","slug":"dni-otwarte-salonu-w-gizycku-fotorelacja-2","status":"publish","type":"post","link":"https:\/\/ecomarine.pl\/hr\/2022\/04\/16\/dni-otwarte-salonu-w-gizycku-fotorelacja-2\/","title":{"rendered":"Dani otvorenih vrata u na\u0161em novom Salon u Gi\u017cyckom"},"content":{"rendered":"<p>[vc_row][vc_column column_width_percent=&#8221;85&#8243; gutter_size=&#8221;3&#8243; overlay_alpha=&#8221;50&#8243; shift_x=&#8221;0&#8243; shift_y=&#8221;0&#8243; shift_y_down=&#8221;0&#8243; z_index=&#8221;0&#8243; medium_width=&#8221;0&#8243; mobile_width=&#8221;0&#8243; width=&#8221;1\/1&#8243;][vc_column_text]On March 4, in the Masurian town of Gi\u017cycko, the ceremonial opening of the NIMBUS and FLIPPER yacht showroom was held, which gathered many wonderful guests, including from Sweden. The aim of the showroom opening is to make available and show our customers the wonderful NIMBUS and FLIPPER yachts, as well as AQUADOR yachts &#8211; which will come to us soon. The whole event was graced by a great singer who made our time with her guitar music. Below we present a movie and a few photos that are a souvenir for us of this wonderful celebration.<\/p>\n<p>Thank you for your presence and we invite you back![\/vc_column_text][vc_raw_html]JTNDcCUzRWh0dHBzJTNBJTJGJTJGeW91dHUuYmUlMkZpQzE4clpPOUpyOCUzQyUyRnAlM0U=[\/vc_raw_html][\/vc_column][\/vc_row][vc_row][vc_column width=&#8221;1\/1&#8243;][vc_gallery el_id=&#8221;gallery-166329&#8243; medias=&#8221;7361,7366,7365,7389,7390,7382,7383,7381,7392,7394&#8243; gutter_size=&#8221;3&#8243; screen_lg=&#8221;1000&#8243; screen_md=&#8221;600&#8243; screen_sm=&#8221;480&#8243; single_overlay_opacity=&#8221;50&#8243; single_padding=&#8221;2&#8243;][\/vc_column][\/vc_row]<\/p>\n","protected":false},"excerpt":{"rendered":"<p>Our salon in Gi\u017cycko is officially open!!!<\/p>\n","protected":false},"author":2,"featured_media":7390,"comment_status":"closed","ping_status":"closed","sticky":false,"template":"","format":"standard","meta":{"footnotes":""},"categories":[1],"tags":[],"class_list":["post-7360","post","type-post","status-publish","format-standard","has-post-thumbnail","hentry","category-novosti"],"yoast_head":"<!-- This site is optimized with the Yoast SEO plugin v26.4 - https:\/\/yoast.com\/wordpress\/plugins\/seo\/ -->\n<title>Dani otvorenih vrata u na\u0161em novom Salon u Gi\u017cyckom<\/title>\n<meta name=\"robots\" content=\"index, follow, max-snippet:-1, max-image-preview:large, max-video-preview:-1\" \/>\n<link rel=\"canonical\" href=\"https:\/\/ecomarine.pl\/hr\/2022\/04\/16\/dni-otwarte-salonu-w-gizycku-fotorelacja-2\/\" \/>\n<meta property=\"og:locale\" content=\"hr_HR\" \/>\n<meta property=\"og:locale:alternate\" content=\"en_US\" \/>\n<meta property=\"og:locale:alternate\" content=\"pl_PL\" \/>\n<meta property=\"og:type\" content=\"article\" \/>\n<meta property=\"og:title\" content=\"Dani otvorenih vrata u na\u0161em novom Salon u Gi\u017cyckom\" \/>\n<meta property=\"og:description\" content=\"Our salon in Gi\u017cycko is officially open!!!\" \/>\n<meta property=\"og:url\" content=\"https:\/\/ecomarine.pl\/hr\/2022\/04\/16\/dni-otwarte-salonu-w-gizycku-fotorelacja-2\/\" \/>\n<meta property=\"og:site_name\" content=\"EcoMarine\" \/>\n<meta property=\"article:publisher\" content=\"https:\/\/www.facebook.com\/nimbusboatspoland\" \/>\n<meta property=\"article:published_time\" content=\"2022-04-16T11:00:25+00:00\" \/>\n<meta property=\"article:modified_time\" content=\"2023-10-19T14:27:09+00:00\" \/>\n<meta property=\"og:image\" content=\"https:\/\/ecomarine.pl\/wp-content\/uploads\/2022\/04\/PK220305-5935-scaled.jpg\" \/>\n\t<meta property=\"og:image:width\" content=\"2560\" \/>\n\t<meta property=\"og:image:height\" content=\"1707\" \/>\n\t<meta property=\"og:image:type\" content=\"image\/jpeg\" \/>\n<meta name=\"author\" content=\"Piotr Pilch\" \/>\n<meta name=\"twitter:card\" content=\"summary_large_image\" \/>\n<meta name=\"twitter:label1\" content=\"Napisao\/la\" \/>\n\t<meta name=\"twitter:data1\" content=\"\" \/>\n\t<meta name=\"twitter:label2\" content=\"Procijenjeno vrijeme \u010ditanja\" \/>\n\t<meta name=\"twitter:data2\" content=\"3 minute\" \/>\n<script type=\"application\/ld+json\" class=\"yoast-schema-graph\">{\"@context\":\"https:\/\/schema.org\",\"@graph\":[{\"@type\":\"Article\",\"@id\":\"https:\/\/ecomarine.pl\/2022\/04\/16\/dni-otwarte-salonu-w-gizycku-fotorelacja-2\/#article\",\"isPartOf\":{\"@id\":\"https:\/\/ecomarine.pl\/2022\/04\/16\/dni-otwarte-salonu-w-gizycku-fotorelacja-2\/\"},\"author\":{\"name\":\"Piotr Pilch\",\"@id\":\"https:\/\/ecomarine.pl\/#\/schema\/person\/3d12e395b654f97e71f7e69929985834\"},\"headline\":\"Dani otvorenih vrata u na\u0161em novom Salon u Gi\u017cyckom\",\"datePublished\":\"2022-04-16T11:00:25+00:00\",\"dateModified\":\"2023-10-19T14:27:09+00:00\",\"mainEntityOfPage\":{\"@id\":\"https:\/\/ecomarine.pl\/2022\/04\/16\/dni-otwarte-salonu-w-gizycku-fotorelacja-2\/\"},\"wordCount\":579,\"publisher\":{\"@id\":\"https:\/\/ecomarine.pl\/#organization\"},\"image\":{\"@id\":\"https:\/\/ecomarine.pl\/2022\/04\/16\/dni-otwarte-salonu-w-gizycku-fotorelacja-2\/#primaryimage\"},\"thumbnailUrl\":\"https:\/\/ecomarine.pl\/wp-content\/uploads\/2022\/04\/PK220305-5935-scaled.jpg\",\"articleSection\":[\"Novosti\"],\"inLanguage\":\"hr\"},{\"@type\":\"WebPage\",\"@id\":\"https:\/\/ecomarine.pl\/2022\/04\/16\/dni-otwarte-salonu-w-gizycku-fotorelacja-2\/\",\"url\":\"https:\/\/ecomarine.pl\/2022\/04\/16\/dni-otwarte-salonu-w-gizycku-fotorelacja-2\/\",\"name\":\"Dani otvorenih vrata u na\u0161em novom Salon u Gi\u017cyckom\",\"isPartOf\":{\"@id\":\"https:\/\/ecomarine.pl\/#website\"},\"primaryImageOfPage\":{\"@id\":\"https:\/\/ecomarine.pl\/2022\/04\/16\/dni-otwarte-salonu-w-gizycku-fotorelacja-2\/#primaryimage\"},\"image\":{\"@id\":\"https:\/\/ecomarine.pl\/2022\/04\/16\/dni-otwarte-salonu-w-gizycku-fotorelacja-2\/#primaryimage\"},\"thumbnailUrl\":\"https:\/\/ecomarine.pl\/wp-content\/uploads\/2022\/04\/PK220305-5935-scaled.jpg\",\"datePublished\":\"2022-04-16T11:00:25+00:00\",\"dateModified\":\"2023-10-19T14:27:09+00:00\",\"breadcrumb\":{\"@id\":\"https:\/\/ecomarine.pl\/2022\/04\/16\/dni-otwarte-salonu-w-gizycku-fotorelacja-2\/#breadcrumb\"},\"inLanguage\":\"hr\",\"potentialAction\":[{\"@type\":\"ReadAction\",\"target\":[\"https:\/\/ecomarine.pl\/2022\/04\/16\/dni-otwarte-salonu-w-gizycku-fotorelacja-2\/\"]}]},{\"@type\":\"ImageObject\",\"inLanguage\":\"hr\",\"@id\":\"https:\/\/ecomarine.pl\/2022\/04\/16\/dni-otwarte-salonu-w-gizycku-fotorelacja-2\/#primaryimage\",\"url\":\"https:\/\/ecomarine.pl\/wp-content\/uploads\/2022\/04\/PK220305-5935-scaled.jpg\",\"contentUrl\":\"https:\/\/ecomarine.pl\/wp-content\/uploads\/2022\/04\/PK220305-5935-scaled.jpg\",\"width\":2560,\"height\":1707},{\"@type\":\"BreadcrumbList\",\"@id\":\"https:\/\/ecomarine.pl\/2022\/04\/16\/dni-otwarte-salonu-w-gizycku-fotorelacja-2\/#breadcrumb\",\"itemListElement\":[{\"@type\":\"ListItem\",\"position\":1,\"name\":\"Po\u010detna stranica\",\"item\":\"https:\/\/ecomarine.pl\/hr\/\"},{\"@type\":\"ListItem\",\"position\":2,\"name\":\"Dni otwarte Salonu w Gi\u017cycku &#8211; fotorelacja\"}]},{\"@type\":\"WebSite\",\"@id\":\"https:\/\/ecomarine.pl\/#website\",\"url\":\"https:\/\/ecomarine.pl\/\",\"name\":\"EcoMarine\",\"description\":\"Luksusowe jachty i \u0142odzie motorowe\",\"publisher\":{\"@id\":\"https:\/\/ecomarine.pl\/#organization\"},\"potentialAction\":[{\"@type\":\"SearchAction\",\"target\":{\"@type\":\"EntryPoint\",\"urlTemplate\":\"https:\/\/ecomarine.pl\/?s={search_term_string}\"},\"query-input\":{\"@type\":\"PropertyValueSpecification\",\"valueRequired\":true,\"valueName\":\"search_term_string\"}}],\"inLanguage\":\"hr\"},{\"@type\":\"Organization\",\"@id\":\"https:\/\/ecomarine.pl\/#organization\",\"name\":\"EcoMarine\",\"url\":\"https:\/\/ecomarine.pl\/\",\"logo\":{\"@type\":\"ImageObject\",\"inLanguage\":\"hr\",\"@id\":\"https:\/\/ecomarine.pl\/#\/schema\/logo\/image\/\",\"url\":\"https:\/\/ecomarine.pl\/wp-content\/uploads\/2020\/10\/2018-08-logo-official1-2-e1605555500757.jpg\",\"contentUrl\":\"https:\/\/ecomarine.pl\/wp-content\/uploads\/2020\/10\/2018-08-logo-official1-2-e1605555500757.jpg\",\"width\":300,\"height\":86,\"caption\":\"EcoMarine\"},\"image\":{\"@id\":\"https:\/\/ecomarine.pl\/#\/schema\/logo\/image\/\"},\"sameAs\":[\"https:\/\/www.facebook.com\/nimbusboatspoland\",\"https:\/\/www.instagram.com\/ecomarine.pl\/\"]},{\"@type\":\"Person\",\"@id\":\"https:\/\/ecomarine.pl\/#\/schema\/person\/3d12e395b654f97e71f7e69929985834\",\"name\":\"Piotr Pilch\",\"image\":{\"@type\":\"ImageObject\",\"inLanguage\":\"hr\",\"@id\":\"https:\/\/ecomarine.pl\/#\/schema\/person\/image\/\",\"url\":\"https:\/\/secure.gravatar.com\/avatar\/e571ca2d9094808d176abaafa88ddd2efa826d3030c30e9d8b44c860918a25f4?s=96&d=mm&r=g\",\"contentUrl\":\"https:\/\/secure.gravatar.com\/avatar\/e571ca2d9094808d176abaafa88ddd2efa826d3030c30e9d8b44c860918a25f4?s=96&d=mm&r=g\",\"caption\":\"Piotr Pilch\"},\"url\":\"https:\/\/ecomarine.pl\/hr\/author\/piotr\/\"}]}<\/script>\n<!-- \/ Yoast SEO plugin. -->","yoast_head_json":{"title":"Dani otvorenih vrata u na\u0161em novom Salon u Gi\u017cyckom","robots":{"index":"index","follow":"follow","max-snippet":"max-snippet:-1","max-image-preview":"max-image-preview:large","max-video-preview":"max-video-preview:-1"},"canonical":"https:\/\/ecomarine.pl\/hr\/2022\/04\/16\/dni-otwarte-salonu-w-gizycku-fotorelacja-2\/","og_locale":"hr_HR","og_type":"article","og_title":"[:en]Open days of the Salon in Gi\u017cycko[:pl]Dni otwarte Salonu w Gi\u017cycku - fotorelacja[:hr]Dani otvorenih vrata u na\u0161em novom Salon u Gi\u017cyckom[:] - EcoMarine","og_description":"Our salon in Gi\u017cycko is officially open!!!","og_url":"https:\/\/ecomarine.pl\/hr\/2022\/04\/16\/dni-otwarte-salonu-w-gizycku-fotorelacja-2\/","og_site_name":"EcoMarine","article_publisher":"https:\/\/www.facebook.com\/nimbusboatspoland","article_published_time":"2022-04-16T11:00:25+00:00","article_modified_time":"2023-10-19T14:27:09+00:00","og_image":[{"width":2560,"height":1707,"url":"https:\/\/ecomarine.pl\/wp-content\/uploads\/2022\/04\/PK220305-5935-scaled.jpg","type":"image\/jpeg"}],"author":"Piotr Pilch","twitter_card":"summary_large_image","twitter_misc":{"Napisao\/la":false,"Procijenjeno vrijeme \u010ditanja":"3 minute"},"schema":{"@context":"https:\/\/schema.org","@graph":[{"@type":"Article","@id":"https:\/\/ecomarine.pl\/2022\/04\/16\/dni-otwarte-salonu-w-gizycku-fotorelacja-2\/#article","isPartOf":{"@id":"https:\/\/ecomarine.pl\/2022\/04\/16\/dni-otwarte-salonu-w-gizycku-fotorelacja-2\/"},"author":{"name":"Piotr Pilch","@id":"https:\/\/ecomarine.pl\/#\/schema\/person\/3d12e395b654f97e71f7e69929985834"},"headline":"Dani otvorenih vrata u na\u0161em novom Salon u Gi\u017cyckom","datePublished":"2022-04-16T11:00:25+00:00","dateModified":"2023-10-19T14:27:09+00:00","mainEntityOfPage":{"@id":"https:\/\/ecomarine.pl\/2022\/04\/16\/dni-otwarte-salonu-w-gizycku-fotorelacja-2\/"},"wordCount":579,"publisher":{"@id":"https:\/\/ecomarine.pl\/#organization"},"image":{"@id":"https:\/\/ecomarine.pl\/2022\/04\/16\/dni-otwarte-salonu-w-gizycku-fotorelacja-2\/#primaryimage"},"thumbnailUrl":"https:\/\/ecomarine.pl\/wp-content\/uploads\/2022\/04\/PK220305-5935-scaled.jpg","articleSection":["Novosti"],"inLanguage":"hr"},{"@type":"WebPage","@id":"https:\/\/ecomarine.pl\/2022\/04\/16\/dni-otwarte-salonu-w-gizycku-fotorelacja-2\/","url":"https:\/\/ecomarine.pl\/2022\/04\/16\/dni-otwarte-salonu-w-gizycku-fotorelacja-2\/","name":"Dani otvorenih vrata u na\u0161em novom Salon u Gi\u017cyckom","isPartOf":{"@id":"https:\/\/ecomarine.pl\/#website"},"primaryImageOfPage":{"@id":"https:\/\/ecomarine.pl\/2022\/04\/16\/dni-otwarte-salonu-w-gizycku-fotorelacja-2\/#primaryimage"},"image":{"@id":"https:\/\/ecomarine.pl\/2022\/04\/16\/dni-otwarte-salonu-w-gizycku-fotorelacja-2\/#primaryimage"},"thumbnailUrl":"https:\/\/ecomarine.pl\/wp-content\/uploads\/2022\/04\/PK220305-5935-scaled.jpg","datePublished":"2022-04-16T11:00:25+00:00","dateModified":"2023-10-19T14:27:09+00:00","breadcrumb":{"@id":"https:\/\/ecomarine.pl\/2022\/04\/16\/dni-otwarte-salonu-w-gizycku-fotorelacja-2\/#breadcrumb"},"inLanguage":"hr","potentialAction":[{"@type":"ReadAction","target":["https:\/\/ecomarine.pl\/2022\/04\/16\/dni-otwarte-salonu-w-gizycku-fotorelacja-2\/"]}]},{"@type":"ImageObject","inLanguage":"hr","@id":"https:\/\/ecomarine.pl\/2022\/04\/16\/dni-otwarte-salonu-w-gizycku-fotorelacja-2\/#primaryimage","url":"https:\/\/ecomarine.pl\/wp-content\/uploads\/2022\/04\/PK220305-5935-scaled.jpg","contentUrl":"https:\/\/ecomarine.pl\/wp-content\/uploads\/2022\/04\/PK220305-5935-scaled.jpg","width":2560,"height":1707},{"@type":"BreadcrumbList","@id":"https:\/\/ecomarine.pl\/2022\/04\/16\/dni-otwarte-salonu-w-gizycku-fotorelacja-2\/#breadcrumb","itemListElement":[{"@type":"ListItem","position":1,"name":"Po\u010detna stranica","item":"https:\/\/ecomarine.pl\/hr\/"},{"@type":"ListItem","position":2,"name":"Dni otwarte Salonu w Gi\u017cycku &#8211; fotorelacja"}]},{"@type":"WebSite","@id":"https:\/\/ecomarine.pl\/#website","url":"https:\/\/ecomarine.pl\/","name":"EcoMarine","description":"Luksusowe jachty i \u0142odzie motorowe","publisher":{"@id":"https:\/\/ecomarine.pl\/#organization"},"potentialAction":[{"@type":"SearchAction","target":{"@type":"EntryPoint","urlTemplate":"https:\/\/ecomarine.pl\/?s={search_term_string}"},"query-input":{"@type":"PropertyValueSpecification","valueRequired":true,"valueName":"search_term_string"}}],"inLanguage":"hr"},{"@type":"Organization","@id":"https:\/\/ecomarine.pl\/#organization","name":"EcoMarine","url":"https:\/\/ecomarine.pl\/","logo":{"@type":"ImageObject","inLanguage":"hr","@id":"https:\/\/ecomarine.pl\/#\/schema\/logo\/image\/","url":"https:\/\/ecomarine.pl\/wp-content\/uploads\/2020\/10\/2018-08-logo-official1-2-e1605555500757.jpg","contentUrl":"https:\/\/ecomarine.pl\/wp-content\/uploads\/2020\/10\/2018-08-logo-official1-2-e1605555500757.jpg","width":300,"height":86,"caption":"EcoMarine"},"image":{"@id":"https:\/\/ecomarine.pl\/#\/schema\/logo\/image\/"},"sameAs":["https:\/\/www.facebook.com\/nimbusboatspoland","https:\/\/www.instagram.com\/ecomarine.pl\/"]},{"@type":"Person","@id":"https:\/\/ecomarine.pl\/#\/schema\/person\/3d12e395b654f97e71f7e69929985834","name":"Piotr Pilch","image":{"@type":"ImageObject","inLanguage":"hr","@id":"https:\/\/ecomarine.pl\/#\/schema\/person\/image\/","url":"https:\/\/secure.gravatar.com\/avatar\/e571ca2d9094808d176abaafa88ddd2efa826d3030c30e9d8b44c860918a25f4?s=96&d=mm&r=g","contentUrl":"https:\/\/secure.gravatar.com\/avatar\/e571ca2d9094808d176abaafa88ddd2efa826d3030c30e9d8b44c860918a25f4?s=96&d=mm&r=g","caption":"Piotr Pilch"},"url":"https:\/\/ecomarine.pl\/hr\/author\/piotr\/"}]}},"_links":{"self":[{"href":"https:\/\/ecomarine.pl\/hr\/wp-json\/wp\/v2\/posts\/7360","targetHints":{"allow":["GET"]}}],"collection":[{"href":"https:\/\/ecomarine.pl\/hr\/wp-json\/wp\/v2\/posts"}],"about":[{"href":"https:\/\/ecomarine.pl\/hr\/wp-json\/wp\/v2\/types\/post"}],"author":[{"embeddable":true,"href":"https:\/\/ecomarine.pl\/hr\/wp-json\/wp\/v2\/users\/2"}],"replies":[{"embeddable":true,"href":"https:\/\/ecomarine.pl\/hr\/wp-json\/wp\/v2\/comments?post=7360"}],"version-history":[{"count":22,"href":"https:\/\/ecomarine.pl\/hr\/wp-json\/wp\/v2\/posts\/7360\/revisions"}],"predecessor-version":[{"id":7811,"href":"https:\/\/ecomarine.pl\/hr\/wp-json\/wp\/v2\/posts\/7360\/revisions\/7811"}],"wp:featuredmedia":[{"embeddable":true,"href":"https:\/\/ecomarine.pl\/hr\/wp-json\/wp\/v2\/media\/7390"}],"wp:attachment":[{"href":"https:\/\/ecomarine.pl\/hr\/wp-json\/wp\/v2\/media?parent=7360"}],"wp:term":[{"taxonomy":"category","embeddable":true,"href":"https:\/\/ecomarine.pl\/hr\/wp-json\/wp\/v2\/categories?post=7360"},{"taxonomy":"post_tag","embeddable":true,"href":"https:\/\/ecomarine.pl\/hr\/wp-json\/wp\/v2\/tags?post=7360"}],"curies":[{"name":"wp","href":"https:\/\/api.w.org\/{rel}","templated":true}]}}